{"id":294,"date":"2025-12-18T09:04:48","date_gmt":"2025-12-18T08:04:48","guid":{"rendered":"https:\/\/lerch.ict-stage.ch\/?p=294"},"modified":"2026-04-27T16:28:39","modified_gmt":"2026-04-27T14:28:39","slug":"nordkap-das-ende-der-welt","status":"publish","type":"post","link":"https:\/\/lerch.ict-stage.ch\/index.php\/2025\/12\/18\/nordkap-das-ende-der-welt\/","title":{"rendered":"Nordkap \u2013 Das Ende der Welt"},"content":{"rendered":"<div class=\"et_pb_section_0 et_pb_section et_section_regular et_block_section\">\n<div class=\"et_pb_row_0 et_pb_row et_block_row\">\n<div class=\"et_pb_column_0 et_pb_column et_pb_column_4_4 et-last-child et_block_column et_pb_css_mix_blend_mode_passthrough\">\n<div class=\"et_pb_text_0 et_pb_text et_pb_bg_layout_light et_pb_module et_block_module\"><div class=\"et_pb_text_inner\"><p><!-- wp:paragraph --><\/p>\n<p>Mein Abenteuer am Nordkap war ein wahrhaft einmaliges Erlebnis. Die Reise dorthin f\u00fchrte mich durch einige der beeindruckendsten Landschaften Norwegens. Als ich das ber\u00fchmte Nordkap-Denkmal erreichte, sp\u00fcrte ich die Magie dieses Ortes. Der Blick auf das Nordpolarmeer war atemberaubend und liess mich dar\u00fcber nachdenken, wie weit ich von Zuhause entfernt war. Es war, als st\u00fcnde ich am Rand der Welt, und ich konnte es kaum fassen, hier zu sein.<\/p>\n<p><!-- \/wp:paragraph --><\/p>\n<p><!-- wp:paragraph --><\/p>\n<p>Der Weg zum Nordkap f\u00fchrte mich durch beeindruckende Fjorde und kleine, charmante D\u00f6rfer. Ich hielt oft an, um die atemberaubende Landschaft zu fotografieren und die frische Luft zu geniessen. Die Einsamkeit und die Sch\u00f6nheit der Natur waren \u00fcberw\u00e4ltigend. W\u00e4hrend ich die kurvenreichen Strassen entlangfuhr, entdeckte ich viele versteckte Buchten und kleine Str\u00e4nde, die zum Verweilen einluden.<\/p>\n<p><!-- \/wp:paragraph --><\/p>\n<p><!-- wp:paragraph --><\/p>\n<p>Am Nordkap angekommen, wurde ich von einem k\u00fchlen Wind empfangen. Ich besuchte das Nordkaphaus, das ein Informationszentrum mit vielen interessanten Ausstellungen bietet. Hier erfuhr ich viel \u00fcber die Geografie, Flora und Fauna der Region. Besonders beeindruckt war ich von den Berichten \u00fcber die Tierwelt \u2013 von Rentieren bis zu Polarf\u00fcchsen \u2013 die in dieser rauen Umgebung \u00fcberlebt.<\/p>\n<p><!-- \/wp:paragraph --><\/p>\n<p><!-- wp:paragraph --><\/p>\n<p>Die beste Zeit, um das Nordkap zu besuchen, ist w\u00e4hrend der Mitternachtssonne, und ich hatte Gl\u00fcck, sie w\u00e4hrend meines Aufenthalts zu erleben. Als die Sonne am Horizont zu tanzen begann, wurde der Himmel in wundersch\u00f6ne Farben getaucht. Ich stand einfach da und genoss das Schauspiel, das sich vor meinen Augen entfaltete. Es war ein magischer Moment, den ich f\u00fcr immer in meinem Herzen tragen werde.<\/p>\n<p><!-- \/wp:paragraph --><\/p>\n<p><!-- wp:paragraph --><\/p>\n<p>Nach dem Sonnenuntergang genoss ich ein gem\u00fctliches Abendessen im Restaurant des Nordkaphause, das mit frischen lokalen Zutaten zubereitet wurde. Der Fokus lag auf traditionellen norwegischen Gerichten, und ich probierte Rentier und frischen Fisch. Die Kombination der Aromen war k\u00f6stlich, und ich f\u00fchlte mich gl\u00fccklich und zufrieden.<\/p>\n<p><!-- \/wp:paragraph --><\/p>\n<p><!-- wp:paragraph --><\/p>\n<p>Am n\u00e4chsten Morgen machte ich eine kleine Wanderung entlang der K\u00fcste. Der Blick auf die Klippen und das raue Meer war beeindruckend und inspirierend. W\u00e4hrend ich die Ruhe und die Sch\u00f6nheit der Natur genoss, begegnete ich sogar einigen Rentieren, die friedlich grasten. Diese Begegnung war ein weiteres Highlight meiner Reise und best\u00e4tigte, wie vielf\u00e4ltig die Tierwelt hier ist.<\/p>\n<p><!-- \/wp:paragraph --><\/p>\n<p><!-- wp:paragraph --><\/p>\n<p>Zur\u00fcck am Nordkaphaus hatte ich die M\u00f6glichkeit, meine Reiseerinnerungen in das G\u00e4stebuch einzutragen. Es war ber\u00fchrend zu sehen, wie viele Menschen aus verschiedenen L\u00e4ndern diesen magischen Ort besucht hatten. Es war eine Verbindung, die uns alle vereinte, und ich f\u00fchlte mich als Teil einer grossen Gemeinschaft von Reisenden.<\/p>\n<p><!-- \/wp:paragraph --><\/p>\n<p><!-- wp:paragraph --><\/p>\n<p>Die R\u00fcckreise von Nordkap war ebenfalls ein Erlebnis f\u00fcr sich. Ich hielt an verschiedenen Aussichtspunkten, um die beeindruckenden Landschaften festzuhalten. Jeder Ort, den ich besuchte, war einzigartig und erinnerte mich an die Sch\u00f6nheit Norwegens. Ich kann jedem nur empfehlen, den Weg zum Nordkap zu wagen und die Magie dieses besonderen Ortes zu erleben. Es ist ein Abenteuer, das man nicht so schnell vergisst.<\/p>\n<p><!-- \/wp:paragraph --><\/p>\n<\/div><\/div>\n<\/div>\n<\/div>\n<\/div>","protected":false},"excerpt":{"rendered":"","protected":false},"author":4,"featured_media":21,"comment_status":"closed","ping_status":"open","sticky":false,"template":"","format":"standard","meta":{"footnotes":""},"categories":[8],"tags":[],"class_list":["post-294","post","type-post","status-publish","format-standard","has-post-thumbnail","hentry","category-reiseberichte"],"_links":{"self":[{"href":"https:\/\/lerch.ict-stage.ch\/index.php\/wp-json\/wp\/v2\/posts\/294","targetHints":{"allow":["GET"]}}],"collection":[{"href":"https:\/\/lerch.ict-stage.ch\/index.php\/wp-json\/wp\/v2\/posts"}],"about":[{"href":"https:\/\/lerch.ict-stage.ch\/index.php\/wp-json\/wp\/v2\/types\/post"}],"author":[{"embeddable":true,"href":"https:\/\/lerch.ict-stage.ch\/index.php\/wp-json\/wp\/v2\/users\/4"}],"replies":[{"embeddable":true,"href":"https:\/\/lerch.ict-stage.ch\/index.php\/wp-json\/wp\/v2\/comments?post=294"}],"version-history":[{"count":3,"href":"https:\/\/lerch.ict-stage.ch\/index.php\/wp-json\/wp\/v2\/posts\/294\/revisions"}],"predecessor-version":[{"id":497,"href":"https:\/\/lerch.ict-stage.ch\/index.php\/wp-json\/wp\/v2\/posts\/294\/revisions\/497"}],"wp:featuredmedia":[{"embeddable":true,"href":"https:\/\/lerch.ict-stage.ch\/index.php\/wp-json\/wp\/v2\/media\/21"}],"wp:attachment":[{"href":"https:\/\/lerch.ict-stage.ch\/index.php\/wp-json\/wp\/v2\/media?parent=294"}],"wp:term":[{"taxonomy":"category","embeddable":true,"href":"https:\/\/lerch.ict-stage.ch\/index.php\/wp-json\/wp\/v2\/categories?post=294"},{"taxonomy":"post_tag","embeddable":true,"href":"https:\/\/lerch.ict-stage.ch\/index.php\/wp-json\/wp\/v2\/tags?post=294"}],"curies":[{"name":"wp","href":"https:\/\/api.w.org\/{rel}","templated":true}]}}