{"id":285,"date":"2026-02-15T08:46:48","date_gmt":"2026-02-15T07:46:48","guid":{"rendered":"https:\/\/lerch.ict-stage.ch\/?p=285"},"modified":"2026-04-27T16:26:37","modified_gmt":"2026-04-27T14:26:37","slug":"zugfahrt-durch-das-flamsbana-tal","status":"publish","type":"post","link":"https:\/\/lerch.ict-stage.ch\/index.php\/2026\/02\/15\/zugfahrt-durch-das-flamsbana-tal\/","title":{"rendered":"Zugfahrt durch das Fl\u00e5msbana-Tal"},"content":{"rendered":"<div class=\"et_pb_section_0 et_pb_section et_section_regular et_block_section\">\n<div class=\"et_pb_row_0 et_pb_row et_block_row\">\n<div class=\"et_pb_column_0 et_pb_column et_pb_column_4_4 et-last-child et_block_column et_pb_css_mix_blend_mode_passthrough\">\n<div class=\"et_pb_text_0 et_pb_text et_pb_bg_layout_light et_pb_module et_block_module\"><div class=\"et_pb_text_inner\"><p><!-- wp:paragraph --><\/p>\n<p>Eine meiner entspanntesten Reisen in Norwegen war die Zugfahrt durch das Fl\u00e5msbana-Tal. Diese Strecke gilt als eine der sch\u00f6nsten Zugfahrten der Welt, und ich konnte es kaum erwarten, die atemberaubende Landschaft zu geniessen. Der Zug, der von Fl\u00e5m nach Myrdal f\u00e4hrt, windet sich durch steile Berge und vorbei an malerischen Wasserf\u00e4llen, und ich war sofort begeistert von den Anblicken, die sich mir boten.<\/p>\n<p><!-- \/wp:paragraph --><\/p>\n<p><!-- wp:paragraph --><\/p>\n<p>Die Fahrt begann mit sanften H\u00fcgeln und Wiesen, die mit bunten Wildblumen \u00fcbers\u00e4t waren. W\u00e4hrend der Zug langsam den Berg hinauffuhr, er\u00f6ffnete sich ein Panorama, das ich so schnell nicht vergessen werde. Die schroffen Gipfel der Berge ragen hoch in den Himmel, und die tiefen T\u00e4ler sind von dichten W\u00e4ldern umgeben. Die Natur hier ist unber\u00fchrt und wirkt fast magisch. Ich f\u00fchlte mich wie in einem M\u00e4rchen.<\/p>\n<p><!-- \/wp:paragraph --><\/p>\n<p><!-- wp:paragraph --><\/p>\n<p>Ein H\u00f6hepunkt der Fahrt war der Stopp am ber\u00fchmten Wasserfall Kjosfossen. Der Zug hielt an, und ich konnte aussteigen, um den Wasserfall aus der N\u00e4he zu betrachten. Das Rauschen des Wassers war ohrenbet\u00e4ubend, und ich stand f\u00fcr einen Moment da, gebannt von der Kraft der Natur. Es war ein beeindruckendes Schauspiel, das mich mit Ehrfurcht erf\u00fcllte. Hier oben, umgeben von frischer Luft und spr\u00fchendem Wasser, f\u00fchlte ich mich lebendig.<\/p>\n<p><!-- \/wp:paragraph --><\/p>\n<p><!-- wp:paragraph --><\/p>\n<p>Nach dem Besuch des Wasserfalls setzte die Reise fort. Der Zug fuhr weiter durch Tunnel und \u00fcber Br\u00fccken, die sich durch die atemberaubende Landschaft schl\u00e4ngelten. Die verschiedenen Farben und Texturen der Natur waren faszinierend \u2013 die gr\u00fcnen Wiesen, das klare Wasser und die schneebedeckten Gipfel verschmolzen zu einem einzigartigen Bild. Die Fahrt schien viel zu schnell vorbei zu sein, da ich so in die Sch\u00f6nheit der Umgebung vertieft war.<\/p>\n<p><!-- \/wp:paragraph --><\/p>\n<p><!-- wp:paragraph --><\/p>\n<p>In Myrdal angekommen, hatte ich die M\u00f6glichkeit, in einen weiteren Zug nach Bergen umzusteigen. Diese Verbindung macht die Reise sehr praktisch und erm\u00f6glicht es, die verschiedenen Regionen Norwegens zu erkunden. W\u00e4hrend ich auf den Anschlusszug wartete, genoss ich einen Kaffee in einem kleinen Caf\u00e9 am Bahnhof. Die entspannte Atmosph\u00e4re und die freundlichen Menschen machten diesen Moment besonders angenehm.<\/p>\n<p><!-- \/wp:paragraph --><\/p>\n<p><!-- wp:paragraph --><\/p>\n<p>Auf dem R\u00fcckweg nach Fl\u00e5m entschied ich mich f\u00fcr eine kleine Wanderung. Es gibt zahlreiche Wanderwege in der Umgebung, die wundersch\u00f6ne Ausblicke auf die Landschaft bieten. Ich w\u00e4hlte einen Weg, der mich entlang des Fjords f\u00fchrte, und die Aussicht war einfach atemberaubend. Das Wasser glitzerte in der Sonne, und die Berge im Hintergrund schienen zum Greifen nah.<\/p>\n<p><!-- \/wp:paragraph --><\/p>\n<p><!-- wp:paragraph --><\/p>\n<p>Nach meiner Wanderung kehrte ich zur\u00fcck nach Fl\u00e5m, wo ich die Gelegenheit nutzte, die kleine Stadt zu erkunden. Die bunten Holzh\u00e4user und der malerische Hafen strahlten einen besonderen Charme aus. Ich besuchte das Freilichtmuseum, das die Geschichte der Region lebendig werden liess. Die interessanten Ausstellungen \u00fcber die Kultur und Traditionen der Menschen hier waren faszinierend.<\/p>\n<p><!-- \/wp:paragraph --><\/p>\n<p><!-- wp:paragraph --><\/p>\n<p>Abends liess ich meinen Tag am Fjord ausklingen, w\u00e4hrend ich ein k\u00f6stliches Abendessen mit frischem Fisch in einem Restaurant am Wasser genoss. Der Blick auf die Berge und den Sonnenuntergang war der perfekte Abschluss f\u00fcr einen unvergesslichen Tag. Die Zugfahrt durch das Fl\u00e5msbana-Tal und die anschliessenden Erlebnisse haben mir gezeigt, wie sch\u00f6n und vielf\u00e4ltig Norwegen ist. Ich kann jedem nur empfehlen, diese Reise zu unternehmen und sich von der Sch\u00f6nheit der Natur verzaubern zu lassen.<\/p>\n<p><!-- \/wp:paragraph --><\/p>\n<\/div><\/div>\n<\/div>\n<\/div>\n<\/div>","protected":false},"excerpt":{"rendered":"","protected":false},"author":4,"featured_media":45,"comment_status":"closed","ping_status":"open","sticky":false,"template":"","format":"standard","meta":{"footnotes":""},"categories":[8],"tags":[],"class_list":["post-285","post","type-post","status-publish","format-standard","has-post-thumbnail","hentry","category-reiseberichte"],"_links":{"self":[{"href":"https:\/\/lerch.ict-stage.ch\/index.php\/wp-json\/wp\/v2\/posts\/285","targetHints":{"allow":["GET"]}}],"collection":[{"href":"https:\/\/lerch.ict-stage.ch\/index.php\/wp-json\/wp\/v2\/posts"}],"about":[{"href":"https:\/\/lerch.ict-stage.ch\/index.php\/wp-json\/wp\/v2\/types\/post"}],"author":[{"embeddable":true,"href":"https:\/\/lerch.ict-stage.ch\/index.php\/wp-json\/wp\/v2\/users\/4"}],"replies":[{"embeddable":true,"href":"https:\/\/lerch.ict-stage.ch\/index.php\/wp-json\/wp\/v2\/comments?post=285"}],"version-history":[{"count":4,"href":"https:\/\/lerch.ict-stage.ch\/index.php\/wp-json\/wp\/v2\/posts\/285\/revisions"}],"predecessor-version":[{"id":495,"href":"https:\/\/lerch.ict-stage.ch\/index.php\/wp-json\/wp\/v2\/posts\/285\/revisions\/495"}],"wp:featuredmedia":[{"embeddable":true,"href":"https:\/\/lerch.ict-stage.ch\/index.php\/wp-json\/wp\/v2\/media\/45"}],"wp:attachment":[{"href":"https:\/\/lerch.ict-stage.ch\/index.php\/wp-json\/wp\/v2\/media?parent=285"}],"wp:term":[{"taxonomy":"category","embeddable":true,"href":"https:\/\/lerch.ict-stage.ch\/index.php\/wp-json\/wp\/v2\/categories?post=285"},{"taxonomy":"post_tag","embeddable":true,"href":"https:\/\/lerch.ict-stage.ch\/index.php\/wp-json\/wp\/v2\/tags?post=285"}],"curies":[{"name":"wp","href":"https:\/\/api.w.org\/{rel}","templated":true}]}}