{"id":278,"date":"2026-03-17T08:38:42","date_gmt":"2026-03-17T07:38:42","guid":{"rendered":"https:\/\/lerch.ict-stage.ch\/?p=278"},"modified":"2026-04-28T08:56:14","modified_gmt":"2026-04-28T06:56:14","slug":"wanderung-zum-preikestolen","status":"publish","type":"post","link":"https:\/\/lerch.ict-stage.ch\/index.php\/2026\/03\/17\/wanderung-zum-preikestolen\/","title":{"rendered":"Wanderung zum Preikestolen"},"content":{"rendered":"<div class=\"et_pb_section_0 et_pb_section et_section_regular et_block_section\">\n<div class=\"et_pb_row_0 et_pb_row et_block_row\">\n<div class=\"et_pb_column_0 et_pb_column et_pb_column_4_4 et-last-child et_block_column et_pb_css_mix_blend_mode_passthrough\">\n<div class=\"et_pb_text_0 et_pb_text et_pb_bg_layout_light et_pb_module et_block_module\"><div class=\"et_pb_text_inner\"><p><!-- wp:paragraph --><\/p>\n<p>Die Wanderung zum Preikestolen, einem der ber\u00fchmtesten Felsen Norwegens, war ein echtes Highlight meiner Reise. Die Anreise war einfach, und ich war voller Vorfreude, als ich den Ausgangspunkt der Wanderung erreichte. Der Tag begann sonnig, was die beste Voraussetzung f\u00fcr das Abenteuer bot. Der erste Teil des Weges war relativ leicht und f\u00fchrte durch einen wundersch\u00f6nen Wald, der mit \u00fcppigen, gr\u00fcnen Pflanzen und glitzernden B\u00e4chen ges\u00e4umt war. Das Gepl\u00e4tscher des Wassers war beruhigend und begleitete mich auf meinem Weg.<\/p>\n<p><!-- \/wp:paragraph --><\/p>\n<p><!-- wp:paragraph --><\/p>\n<p>W\u00e4hrend ich die Wanderung fortsetzte, wurde der Weg anspruchsvoller. Die Steine wurden rutschig, und die Anstrengung nahm zu. Es gab Momente, in denen ich pausieren musste, um durchzuatmen und die spektakul\u00e4re Landschaft um mich herum zu bewundern. Die Luft war frisch und k\u00fchl, und ich war umgeben von majest\u00e4tischen Bergen, die hoch in den Himmel ragten. Die Aussicht, die sich nach jedem Anstieg bot, war atemberaubend und motivierte mich, weiterzugehen.<\/p>\n<p><!-- \/wp:paragraph --><\/p>\n<p><!-- wp:paragraph --><\/p>\n<p>Schliesslich erreichte ich den Preikestolen, der mehr als 600 Meter \u00fcber dem Lysefjord schwebt. Der Blick von der Kante war \u00fcberw\u00e4ltigend. Ich stand am Rand und sah hinunter auf das glitzernde Wasser, das von den umliegenden Bergen umrahmt wurde. Es war ein Moment der Ehrfurcht und der Dankbarkeit, an einem so einzigartigen Ort zu stehen. Ich konnte nicht anders, als zu l\u00e4cheln und die Sch\u00f6nheit der Natur in mich aufzunehmen. Um mich herum waren andere Wanderer, die ebenfalls die Aussicht genossen und Fotos machten.<\/p>\n<p><!-- \/wp:paragraph --><\/p>\n<p><!-- wp:paragraph --><\/p>\n<p>Ich verbrachte mehrere Stunden am Preikestolen, um das Panorama zu geniessen und die friedliche Atmosph\u00e4re auf mich wirken zu lassen. Die Gespr\u00e4che mit anderen Wanderern waren inspirierend, und wir tauschten unsere Reiseerfahrungen aus. Jeder hatte seine eigene Geschichte zu erz\u00e4hlen, und es war sch\u00f6n zu sehen, wie die Natur Menschen aus verschiedenen Teilen der Welt zusammenbringt. Es war nicht nur eine Wanderung, sondern ein gemeinsames Erlebnis, das uns verband.<\/p>\n<p><!-- \/wp:paragraph --><\/p>\n<p><!-- wp:paragraph --><\/p>\n<p>Als ich schliesslich den R\u00fcckweg antrat, war ich voller Energie und Zufriedenheit. Der Abstieg war herausfordernd, aber ich genoss jede Minute. Die Wanderung zum Preikestolen war f\u00fcr mich mehr als nur ein Ziel; es war eine Reise zu mir selbst und zur Natur. Ich f\u00fchlte mich lebendig und verbunden mit der Erde. Der Tag endete mit einem traumhaften Sonnenuntergang \u00fcber dem Fjord, und ich wusste, dass ich diesen Moment f\u00fcr immer in meinem Herzen tragen w\u00fcrde.<\/p>\n<p><!-- \/wp:paragraph --><\/p>\n<\/div><\/div>\n<\/div>\n<\/div>\n<\/div>","protected":false},"excerpt":{"rendered":"","protected":false},"author":3,"featured_media":532,"comment_status":"closed","ping_status":"closed","sticky":false,"template":"","format":"standard","meta":{"footnotes":""},"categories":[8],"tags":[],"class_list":["post-278","post","type-post","status-publish","format-standard","has-post-thumbnail","hentry","category-reiseberichte"],"_links":{"self":[{"href":"https:\/\/lerch.ict-stage.ch\/index.php\/wp-json\/wp\/v2\/posts\/278","targetHints":{"allow":["GET"]}}],"collection":[{"href":"https:\/\/lerch.ict-stage.ch\/index.php\/wp-json\/wp\/v2\/posts"}],"about":[{"href":"https:\/\/lerch.ict-stage.ch\/index.php\/wp-json\/wp\/v2\/types\/post"}],"author":[{"embeddable":true,"href":"https:\/\/lerch.ict-stage.ch\/index.php\/wp-json\/wp\/v2\/users\/3"}],"replies":[{"embeddable":true,"href":"https:\/\/lerch.ict-stage.ch\/index.php\/wp-json\/wp\/v2\/comments?post=278"}],"version-history":[{"count":5,"href":"https:\/\/lerch.ict-stage.ch\/index.php\/wp-json\/wp\/v2\/posts\/278\/revisions"}],"predecessor-version":[{"id":496,"href":"https:\/\/lerch.ict-stage.ch\/index.php\/wp-json\/wp\/v2\/posts\/278\/revisions\/496"}],"wp:featuredmedia":[{"embeddable":true,"href":"https:\/\/lerch.ict-stage.ch\/index.php\/wp-json\/wp\/v2\/media\/532"}],"wp:attachment":[{"href":"https:\/\/lerch.ict-stage.ch\/index.php\/wp-json\/wp\/v2\/media?parent=278"}],"wp:term":[{"taxonomy":"category","embeddable":true,"href":"https:\/\/lerch.ict-stage.ch\/index.php\/wp-json\/wp\/v2\/categories?post=278"},{"taxonomy":"post_tag","embeddable":true,"href":"https:\/\/lerch.ict-stage.ch\/index.php\/wp-json\/wp\/v2\/tags?post=278"}],"curies":[{"name":"wp","href":"https:\/\/api.w.org\/{rel}","templated":true}]}}