{"id":266,"date":"2026-04-27T08:31:53","date_gmt":"2026-04-27T06:31:53","guid":{"rendered":"https:\/\/lerch.ict-stage.ch\/?p=266"},"modified":"2026-04-27T16:25:55","modified_gmt":"2026-04-27T14:25:55","slug":"fjord-abenteuer-in-bergen","status":"publish","type":"post","link":"https:\/\/lerch.ict-stage.ch\/index.php\/2026\/04\/27\/fjord-abenteuer-in-bergen\/","title":{"rendered":"Fjord-Abenteuer in Bergen"},"content":{"rendered":"<div class=\"et_pb_section_0 et_pb_section et_section_regular et_block_section\">\n<div class=\"et_pb_row_0 et_pb_row et_block_row\">\n<div class=\"et_pb_column_0 et_pb_column et_pb_column_4_4 et-last-child et_block_column et_pb_css_mix_blend_mode_passthrough\">\n<div class=\"et_pb_text_0 et_pb_text et_pb_bg_layout_light et_pb_module et_block_module\"><div class=\"et_pb_text_inner\"><p><!-- wp:paragraph --><\/p>\n<p>Meine Reise nach Bergen begann mit einem atemberaubenden Blick auf die majest\u00e4tischen Fjorde, die im Morgenlicht glitzerten. Schon bei der Ankunft sp\u00fcrt man, wie stark die Stadt mit den Fjorden und Bergen verbunden ist. Die frische, klare Luft und das Gef\u00fchl, in der Natur zu sein, machten sofort einen positiven Eindruck auf mich. Ich unternahm eine Bootstour durch den N\u00e6r\u00f8yfjord, der zu den sch\u00f6nsten Fjorden der Welt z\u00e4hlt. Die dramatischen Felsw\u00e4nde und das ruhige Wasser machten die Fahrt unvergesslich.<\/p>\n<p><!-- \/wp:paragraph --><\/p>\n<p><!-- wp:paragraph --><\/p>\n<p>Das Rauschen der Wasserf\u00e4lle, die sich in die Fjorde st\u00fcrzen, sorgt f\u00fcr eine friedliche Atmosph\u00e4re. Besonders beeindruckend war der Anblick der steil aufragenden Berge, die fast den Himmel ber\u00fchrten. Der N\u00e6r\u00f8yfjord ist ein UNESCO-Weltnaturerbe, und nach dieser Erfahrung wurde mir klar, warum: Die unber\u00fchrte Natur und die Zeitlosigkeit dieses Ortes hinterliessen bei mir einen bleibenden Eindruck. Ich konnte es kaum erwarten, die Natur weiter zu erkunden.<\/p>\n<p><!-- \/wp:paragraph --><\/p>\n<p><!-- wp:paragraph --><\/p>\n<p>Bergen selbst hat mich mit seinem Charme und seiner Kultur sofort in den Bann gezogen. Die Stadt ist bekannt f\u00fcr das Hanseviertel Bryggen, das mit seinen bunten Holzh\u00e4usern an vergangene Zeiten erinnert. Hier sp\u00fcrt man die Geschichte auf Schritt und Tritt. Die engen Gassen und kleinen Gesch\u00e4fte laden dazu ein, sich treiben zu lassen und die Atmosph\u00e4re zu geniessen. W\u00e4hrend meines Bummels durch Bryggen entdeckte ich ein kleines Caf\u00e9, das hervorragenden Kaffee servierte. Ich setzte mich draussen hin, genoss das Getr\u00e4nk und beobachtete die vorbeigehenden Menschen.<\/p>\n<p><!-- \/wp:paragraph --><\/p>\n<p><!-- wp:paragraph --><\/p>\n<p>Ein absolutes Muss in Bergen ist die Fahrt mit der Fl\u00f8ibanen, einer Seilbahn, die einen auf den Berg Fl\u00f8yen bringt. Oben angekommen, hatte ich einen fantastischen Blick \u00fcber die Stadt, die Fjorde und das Meer. Die Landschaft war einfach atemberaubend. Ich verbrachte Stunden damit, die Wanderwege rund um den Gipfel zu erkunden. Die Ruhe und die Sch\u00f6nheit der Natur waren Balsam f\u00fcr die Seele. Besonders sch\u00f6n war es, als die Sonne durch die Wolken brach und das Wasser in der Ferne golden glitzerte.<\/p>\n<p><!-- \/wp:paragraph --><\/p>\n<p><!-- wp:paragraph --><\/p>\n<p>Nach der Wanderung ging es zur\u00fcck in die Stadt, wo ich mich auf eine kulinarische Entdeckungstour begab. Bergen ist bekannt f\u00fcr seine frischen Meeresfr\u00fcchte, und ein Besuch auf dem Fischmarkt durfte nat\u00fcrlich nicht fehlen. Hier gibt es alles, was das Herz begehrt: Lachs, Garnelen, Muscheln und vieles mehr. Ich entschied mich f\u00fcr ein einfaches Gericht: frischen Lachs auf Roggenbrot mit ein wenig Dill und Zitrone \u2013 ein Genuss, der perfekt zur maritimen Atmosph\u00e4re passte. W\u00e4hrend ich ass, beobachtete ich die Fischer, die ihren frischen Fang an Land brachten.<\/p>\n<p><!-- \/wp:paragraph --><\/p>\n<p><!-- wp:paragraph --><\/p>\n<p>Am n\u00e4chsten Tag besuchte ich das Bergen-Museum, das einen tiefen Einblick in die Geschichte der Stadt bietet. Besonders interessant fand ich die Ausstellung \u00fcber die Hansezeit und den Einfluss der Kaufleute auf die Entwicklung Bergens. Es ist beeindruckend zu sehen, wie die Stadt durch den Handel gepr\u00e4gt wurde und welche Spuren die Hanse bis heute hinterlassen hat. Nach dem Museum ging ich in den Botanischen Garten, um die vielf\u00e4ltige Pflanzenwelt zu entdecken. Ich fand es faszinierend, wie viele verschiedene Arten in einem so kleinen Raum zusammenkommen.<\/p>\n<p><!-- \/wp:paragraph --><\/p>\n<p><!-- wp:paragraph --><\/p>\n<p>Ein weiterer H\u00f6hepunkt meiner Reise war ein Ausflug auf den Ulriken, den h\u00f6chsten der sieben Berge rund um Bergen. Auch hier gibt es eine Seilbahn, die einen fast bis zum Gipfel bringt. Oben angekommen, wurde ich mit einem atemberaubenden Blick auf die umliegenden Fjorde und die Stadt belohnt. Die k\u00fchle Brise und die frische Luft waren erfrischend. Ich verbrachte den Nachmittag damit, die verschiedenen Wanderwege zu erkunden und die Ruhe der Berge zu geniessen. W\u00e4hrend meines Aufenthalts oben bemerkte ich die vielf\u00e4ltige Flora und Fauna, die hier lebt.<\/p>\n<p><!-- \/wp:paragraph --><\/p>\n<p><!-- wp:paragraph --><\/p>\n<p>Zur\u00fcck in Bergen besuchte ich abends ein Konzert in der ber\u00fchmten Grieghalle. Das Konzert war eine Hommage an Edvard Grieg, den ber\u00fchmten norwegischen Komponisten, der in Bergen geboren wurde. Die Musik, die von der Natur inspiriert wurde, schien perfekt zu der Landschaft zu passen, die ich tags\u00fcber erkundet hatte. Es war ein wunderbarer Abschluss eines ereignisreichen Tages, und ich verliess die Halle mit einem Gef\u00fchl der Zufriedenheit und Dankbarkeit.<\/p>\n<p><!-- \/wp:paragraph --><\/p>\n<p><!-- wp:paragraph --><\/p>\n<p>Ein weiterer unvergesslicher Moment war der Besuch des Troldhaugen, dem ehemaligen Wohnhaus von Grieg. Das Haus liegt idyllisch am See, umgeben von W\u00e4ldern und Bergen. Hier konnte ich die Inspiration sp\u00fcren, die Grieg f\u00fcr seine Musik gefunden haben muss. Besonders beeindruckend war das kleine Konzert im hauseigenen Saal mit Blick auf den See \u2013 ein magischer Moment, der mich tief ber\u00fchrte.<\/p>\n<p><!-- \/wp:paragraph --><\/p>\n<p><!-- wp:paragraph --><\/p>\n<p>An meinem letzten Tag in Bergen entschied ich mich, noch einmal die Natur zu geniessen und einen Ausflug zu den nahegelegenen Inseln zu machen. Mit einer kleinen F\u00e4hre ging es hinaus auf das offene Meer, vorbei an malerischen Fischerd\u00f6rfern und einsamen Str\u00e4nden. Die Ruhe und die Weite des Meeres wirkten wie Balsam f\u00fcr die Seele. Ich hielt an, um Fotos zu machen und die frische Luft einzuatmen. Es war der perfekte Abschluss meiner Zeit in Bergen.<\/p>\n<p><!-- \/wp:paragraph --><\/p>\n<p><!-- wp:paragraph --><\/p>\n<p>Zur\u00fcck in der Stadt liess ich meine Reise bei einem letzten Spaziergang durch die Gassen von Bryggen ausklingen. Ich hatte das Gef\u00fchl, ein St\u00fcck norwegische Kultur und Natur tief in mir aufgenommen zu haben. Bergen war f\u00fcr mich nicht nur der perfekte Einstieg in die Welt der Fjorde, sondern auch eine Stadt voller Geschichte, Kultur und atemberaubender Natur. Ich kann jedem nur empfehlen, diese einzigartige Stadt und ihre Umgebung selbst zu entdecken. Egal, ob man sich f\u00fcr Geschichte, Natur oder einfach nur f\u00fcr die Sch\u00f6nheit der Landschaft interessiert \u2013 Bergen hat f\u00fcr jeden etwas zu bieten. Ich werde auf jeden Fall wiederkommen, um noch mehr von dieser faszinierenden Region zu erleben.<\/p>\n<p><!-- \/wp:paragraph --><\/p>\n<\/div><\/div>\n<\/div>\n<\/div>\n<\/div>","protected":false},"excerpt":{"rendered":"","protected":false},"author":2,"featured_media":9,"comment_status":"closed","ping_status":"open","sticky":false,"template":"","format":"standard","meta":{"footnotes":""},"categories":[8],"tags":[],"class_list":["post-266","post","type-post","status-publish","format-standard","has-post-thumbnail","hentry","category-reiseberichte"],"_links":{"self":[{"href":"https:\/\/lerch.ict-stage.ch\/index.php\/wp-json\/wp\/v2\/posts\/266","targetHints":{"allow":["GET"]}}],"collection":[{"href":"https:\/\/lerch.ict-stage.ch\/index.php\/wp-json\/wp\/v2\/posts"}],"about":[{"href":"https:\/\/lerch.ict-stage.ch\/index.php\/wp-json\/wp\/v2\/types\/post"}],"author":[{"embeddable":true,"href":"https:\/\/lerch.ict-stage.ch\/index.php\/wp-json\/wp\/v2\/users\/2"}],"replies":[{"embeddable":true,"href":"https:\/\/lerch.ict-stage.ch\/index.php\/wp-json\/wp\/v2\/comments?post=266"}],"version-history":[{"count":4,"href":"https:\/\/lerch.ict-stage.ch\/index.php\/wp-json\/wp\/v2\/posts\/266\/revisions"}],"predecessor-version":[{"id":494,"href":"https:\/\/lerch.ict-stage.ch\/index.php\/wp-json\/wp\/v2\/posts\/266\/revisions\/494"}],"wp:featuredmedia":[{"embeddable":true,"href":"https:\/\/lerch.ict-stage.ch\/index.php\/wp-json\/wp\/v2\/media\/9"}],"wp:attachment":[{"href":"https:\/\/lerch.ict-stage.ch\/index.php\/wp-json\/wp\/v2\/media?parent=266"}],"wp:term":[{"taxonomy":"category","embeddable":true,"href":"https:\/\/lerch.ict-stage.ch\/index.php\/wp-json\/wp\/v2\/categories?post=266"},{"taxonomy":"post_tag","embeddable":true,"href":"https:\/\/lerch.ict-stage.ch\/index.php\/wp-json\/wp\/v2\/tags?post=266"}],"curies":[{"name":"wp","href":"https:\/\/api.w.org\/{rel}","templated":true}]}}